{"id":8415,"date":"2026-09-01T09:57:29","date_gmt":"2026-09-01T09:57:29","guid":{"rendered":"https:\/\/agi.pt\/?p=8415"},"modified":"2026-09-01T14:26:12","modified_gmt":"2026-09-01T14:26:12","slug":"agi-open-house-26-ultimas-plazas-disponibles","status":"publish","type":"post","link":"https:\/\/agi.pt\/es\/2026\/09\/01\/agi-open-house-26-ultimas-plazas-disponibles\/","title":{"rendered":"AGI OPEN HOUSE 26: \u00faltimas plazas disponibles."},"content":{"rendered":"<p><em>Solo quedan unos d\u00edas, y algunas plazas disponibles, para participar en el <a href=\"https:\/\/agi.pt\/es\/evento\/agi-open-house-2026\/\"><strong>AGI Open House 26<\/strong><\/a>, uno de los eventos m\u00e1s esperados del sector de la construcci\u00f3n en Portugal.<\/em><\/p>\n<h2><\/h2>\n<p><em><\/em>El <strong>AGI Open House 26 <\/strong>se acerca r\u00e1pidamente y las inscripciones est\u00e1n a punto de cerrarse.<\/p>\n<p>El pr\u00f3ximo 24 de septiembre, la sede de <strong>AGI<\/strong>, en Vila Nova de Gaia, volver\u00e1 a reunir a profesionales de todo el pa\u00eds para una jornada dedicada a la innovaci\u00f3n, el conocimiento t\u00e9cnico y el contacto directo con marcas y especialistas que est\u00e1n dando forma al futuro de la construcci\u00f3n.<\/p>\n<p>Atenci\u00f3n: si todav\u00eda est\u00e1s pensando si inscribirte en el <strong>AGI Open House 26<\/strong>, esta es tu \u00faltima oportunidad.<\/p>\n<p>&nbsp;<\/p>\n<p><img fetchpriority=\"high\" decoding=\"async\" class=\"wp-image-7729 aligncenter\" src=\"https:\/\/agi.pt\/wp-content\/uploads\/2026\/05\/agi-open-house-24-09-2026.svg\" alt=\"\" width=\"821\" height=\"443\"><\/p>\n<h2><\/h2>\n<p>&nbsp;<\/p>\n<h2><strong>Fecha y lugar del AGI Open House 26<\/strong><\/h2>\n<p><strong>\ud83d\udcc5 <\/strong><strong>24 de septiembre de 2026<\/strong><\/p>\n<p><strong>\ud83d\udccd Sede de AGI | Vila Nova de Gaia<\/strong><\/p>\n<p style=\"margin: 30px 0px; text-align: left;\"><a style=\"display: inline-block; width: 55%; background: #ffffff; color: #024d97; padding: 8px 20px; text-decoration: none; border-radius: 4px; font-size: 18px; font-weight: bold; text-align: center; letter-spacing: 0.5px;\" href=\"https:\/\/agi.pt\/es\/evento\/agi-open-house-2026\/\" target=\"_blank\" rel=\"noopener noreferrer\">INSCR\u00cdBETE AHORA<\/a><\/p>\n<p>&nbsp;<\/p>\n<h2><strong>Qu\u00e9 encontrar\u00e1s en AGI Open House 26<\/strong><\/h2>\n<p>Quienes se inscriban en el <strong>AGI Open House 26<\/strong> a\u00fan est\u00e1n a tiempo de descubrir las soluciones m\u00e1s recientes en cuatro \u00e1reas clave del sector de la construcci\u00f3n:<\/p>\n<p>&nbsp;<\/p>\n<p><img decoding=\"async\" class=\"alignnone size-thumbnail wp-image-8274\" src=\"https:\/\/agi.pt\/wp-content\/uploads\/2026\/07\/10-150x150.jpg\" alt=\"\" width=\"150\" height=\"150\" srcset=\"https:\/\/agi.pt\/wp-content\/uploads\/2026\/07\/10-150x150.jpg 150w, https:\/\/agi.pt\/wp-content\/uploads\/2026\/07\/10-60x60.jpg 60w\" sizes=\"(max-width: 150px) 100vw, 150px\" \/> <img decoding=\"async\" class=\"alignnone size-thumbnail wp-image-8273\" src=\"https:\/\/agi.pt\/wp-content\/uploads\/2026\/07\/09-1-150x150.jpg\" alt=\"\" width=\"150\" height=\"150\" srcset=\"https:\/\/agi.pt\/wp-content\/uploads\/2026\/07\/09-1-150x150.jpg 150w, https:\/\/agi.pt\/wp-content\/uploads\/2026\/07\/09-1-60x60.jpg 60w\" sizes=\"(max-width: 150px) 100vw, 150px\" \/> <img loading=\"lazy\" decoding=\"async\" class=\"alignnone size-thumbnail wp-image-8272\" src=\"https:\/\/agi.pt\/wp-content\/uploads\/2026\/07\/08-150x150.jpg\" alt=\"\" width=\"150\" height=\"150\" srcset=\"https:\/\/agi.pt\/wp-content\/uploads\/2026\/07\/08-150x150.jpg 150w, https:\/\/agi.pt\/wp-content\/uploads\/2026\/07\/08-60x60.jpg 60w\" sizes=\"(max-width: 150px) 100vw, 150px\" \/> <img loading=\"lazy\" decoding=\"async\" class=\"alignnone size-thumbnail wp-image-8270\" src=\"https:\/\/agi.pt\/wp-content\/uploads\/2026\/07\/11-150x150.jpg\" alt=\"\" width=\"150\" height=\"150\" srcset=\"https:\/\/agi.pt\/wp-content\/uploads\/2026\/07\/11-150x150.jpg 150w, https:\/\/agi.pt\/wp-content\/uploads\/2026\/07\/11-60x60.jpg 60w\" sizes=\"(max-width: 150px) 100vw, 150px\" \/><\/p>\n<ul>\n<li><strong>Revestimientos Interiores<\/strong>, con soluciones dise\u00f1adas para ofrecer confort, est\u00e9tica y rendimiento.<\/li>\n<\/ul>\n<p>&nbsp;<\/p>\n<p><img loading=\"lazy\" decoding=\"async\" class=\"alignnone size-thumbnail wp-image-8275\" src=\"https:\/\/agi.pt\/wp-content\/uploads\/2026\/07\/03-1-150x150.jpg\" alt=\"\" width=\"150\" height=\"150\" srcset=\"https:\/\/agi.pt\/wp-content\/uploads\/2026\/07\/03-1-150x150.jpg 150w, https:\/\/agi.pt\/wp-content\/uploads\/2026\/07\/03-1-60x60.jpg 60w\" sizes=\"(max-width: 150px) 100vw, 150px\" \/> <img loading=\"lazy\" decoding=\"async\" class=\"alignnone size-thumbnail wp-image-8276\" src=\"https:\/\/agi.pt\/wp-content\/uploads\/2026\/07\/01-150x150.jpg\" alt=\"\" width=\"150\" height=\"150\" srcset=\"https:\/\/agi.pt\/wp-content\/uploads\/2026\/07\/01-150x150.jpg 150w, https:\/\/agi.pt\/wp-content\/uploads\/2026\/07\/01-60x60.jpg 60w\" sizes=\"(max-width: 150px) 100vw, 150px\" \/> <img loading=\"lazy\" decoding=\"async\" class=\"alignnone size-thumbnail wp-image-8277\" src=\"https:\/\/agi.pt\/wp-content\/uploads\/2026\/07\/02-150x150.jpg\" alt=\"\" width=\"150\" height=\"150\" srcset=\"https:\/\/agi.pt\/wp-content\/uploads\/2026\/07\/02-150x150.jpg 150w, https:\/\/agi.pt\/wp-content\/uploads\/2026\/07\/02-60x60.jpg 60w\" sizes=\"(max-width: 150px) 100vw, 150px\" \/><\/p>\n<ul>\n<li><strong>Fachadas Ventiladas,<\/strong> para edificios m\u00e1s eficientes sin renunciar al dise\u00f1o.<\/li>\n<\/ul>\n<p>&nbsp;<\/p>\n<p><img loading=\"lazy\" decoding=\"async\" class=\"alignnone size-thumbnail wp-image-8281\" src=\"https:\/\/agi.pt\/wp-content\/uploads\/2026\/07\/DJI_0109_Megasol-150x150.jpg\" alt=\"\" width=\"150\" height=\"150\" srcset=\"https:\/\/agi.pt\/wp-content\/uploads\/2026\/07\/DJI_0109_Megasol-150x150.jpg 150w, https:\/\/agi.pt\/wp-content\/uploads\/2026\/07\/DJI_0109_Megasol-60x60.jpg 60w\" sizes=\"(max-width: 150px) 100vw, 150px\" \/> <img loading=\"lazy\" decoding=\"async\" class=\"alignnone size-thumbnail wp-image-8282\" src=\"https:\/\/agi.pt\/wp-content\/uploads\/2026\/07\/DJI_0380_Megasol-150x150.jpg\" alt=\"\" width=\"150\" height=\"150\" srcset=\"https:\/\/agi.pt\/wp-content\/uploads\/2026\/07\/DJI_0380_Megasol-150x150.jpg 150w, https:\/\/agi.pt\/wp-content\/uploads\/2026\/07\/DJI_0380_Megasol-60x60.jpg 60w\" sizes=\"(max-width: 150px) 100vw, 150px\" \/> <img loading=\"lazy\" decoding=\"async\" class=\"alignnone size-thumbnail wp-image-8266\" src=\"https:\/\/agi.pt\/wp-content\/uploads\/2026\/07\/DJI_0329_Print_Megasol-150x150.jpg\" alt=\"\" width=\"150\" height=\"150\" srcset=\"https:\/\/agi.pt\/wp-content\/uploads\/2026\/07\/DJI_0329_Print_Megasol-150x150.jpg 150w, https:\/\/agi.pt\/wp-content\/uploads\/2026\/07\/DJI_0329_Print_Megasol-60x60.jpg 60w\" sizes=\"(max-width: 150px) 100vw, 150px\" \/><\/p>\n<ul>\n<li><strong>Fachadas Fotovoltaicas<\/strong>, donde la envolvente del edificio tambi\u00e9n genera energ\u00eda.<\/li>\n<\/ul>\n<p>&nbsp;<\/p>\n<p><img loading=\"lazy\" decoding=\"async\" class=\"alignnone size-thumbnail wp-image-8278\" src=\"https:\/\/agi.pt\/wp-content\/uploads\/2026\/07\/05-1-150x150.jpg\" alt=\"\" width=\"150\" height=\"150\" srcset=\"https:\/\/agi.pt\/wp-content\/uploads\/2026\/07\/05-1-150x150.jpg 150w, https:\/\/agi.pt\/wp-content\/uploads\/2026\/07\/05-1-60x60.jpg 60w\" sizes=\"(max-width: 150px) 100vw, 150px\" \/> <img loading=\"lazy\" decoding=\"async\" class=\"alignnone size-thumbnail wp-image-8279\" src=\"https:\/\/agi.pt\/wp-content\/uploads\/2026\/07\/06-150x150.jpg\" alt=\"\" width=\"150\" height=\"150\" srcset=\"https:\/\/agi.pt\/wp-content\/uploads\/2026\/07\/06-150x150.jpg 150w, https:\/\/agi.pt\/wp-content\/uploads\/2026\/07\/06-60x60.jpg 60w\" sizes=\"(max-width: 150px) 100vw, 150px\" \/> <img loading=\"lazy\" decoding=\"async\" class=\"alignnone size-thumbnail wp-image-8280\" src=\"https:\/\/agi.pt\/wp-content\/uploads\/2026\/07\/04-150x150.jpg\" alt=\"\" width=\"150\" height=\"150\" srcset=\"https:\/\/agi.pt\/wp-content\/uploads\/2026\/07\/04-150x150.jpg 150w, https:\/\/agi.pt\/wp-content\/uploads\/2026\/07\/04-60x60.jpg 60w\" sizes=\"(max-width: 150px) 100vw, 150px\" \/><\/p>\n<ul>\n<li><strong>Pavimentos y otras soluciones<\/strong>, para responder a las exigencias t\u00e9cnicas de cada proyecto.<\/li>\n<\/ul>\n<p>Estos son los temas que marcar\u00e1n el <strong>AGI Open House 26<\/strong>.<\/p>\n<p>&nbsp;<\/p>\n<p><iframe title=\"OPEN HOUSE 2026 Convite GI\" width=\"800\" height=\"450\" src=\"https:\/\/www.youtube.com\/embed\/4imNovXPzzI?feature=oembed\" frameborder=\"0\" allow=\"accelerometer; autoplay; clipboard-write; encrypted-media; gyroscope; picture-in-picture; web-share\" referrerpolicy=\"strict-origin-when-cross-origin\" allowfullscreen><\/iframe><\/p>\n<p>&nbsp;<\/p>\n<h2><strong>El programa de AGI Open House 26<\/strong><\/h2>\n<p>A lo largo de la jornada, el programa del AGI Open House 26 incluye presentaciones t\u00e9cnicas impartidas por especialistas de AGI, talleres pr\u00e1cticos donde ser\u00e1 posible experimentar de primera mano las soluciones de revestimientos interiores, fachadas ventiladas, fachadas fotovoltaicas y pavimentos, as\u00ed como una zona de exposici\u00f3n pensada para quienes prefieren ver, tocar y probar antes de tomar una decisi\u00f3n.Entre una sesi\u00f3n y otra del <strong>AGI Open House 26<\/strong>, tambi\u00e9n habr\u00e1 tiempo y espacio dedicados al networking, que en muchas ocasiones es el principal motivo por el que quienes ya han participado regresan a\u00f1o tras a\u00f1o al <strong>AGI Open House<\/strong>.<\/p>\n<h2><img loading=\"lazy\" decoding=\"async\" class=\"alignnone wp-image-8269 size-large\" style=\"font-size: 16px; font-weight: 400;\" src=\"https:\/\/agi.pt\/wp-content\/uploads\/2026\/07\/Logotipos_OpenHouse26-1024x472.png\" alt=\"\" width=\"800\" height=\"369\" srcset=\"https:\/\/agi.pt\/wp-content\/uploads\/2026\/07\/Logotipos_OpenHouse26-1024x472.png 1024w, https:\/\/agi.pt\/wp-content\/uploads\/2026\/07\/Logotipos_OpenHouse26-300x138.png 300w, https:\/\/agi.pt\/wp-content\/uploads\/2026\/07\/Logotipos_OpenHouse26-768x354.png 768w, https:\/\/agi.pt\/wp-content\/uploads\/2026\/07\/Logotipos_OpenHouse26-1536x708.png 1536w, https:\/\/agi.pt\/wp-content\/uploads\/2026\/07\/Logotipos_OpenHouse26.png 1920w\" sizes=\"(max-width: 800px) 100vw, 800px\" \/><\/h2>\n<p>&nbsp;<\/p>\n<h2><strong>Por qu\u00e9 merece la pena participar en AGI Open House 26<\/strong><\/h2>\n<p>Para arquitectos, ingenieros, contratistas e instaladores, el <strong>AGI Open House 26<\/strong> representa una oportunidad \u00fanica de actualizaci\u00f3n t\u00e9cnica concentrada en un solo d\u00eda. En lugar de asistir a distintos eventos a lo largo del a\u00f1o, podr\u00e1n conocer de cerca las \u00faltimas novedades en revestimientos interiores, fachadas ventiladas, fachadas fotovoltaicas y pavimentos, resolver dudas directamente con los especialistas de <strong>AGI<\/strong> y salir del <strong>AGI Open House 26<\/strong> con nuevos contactos e ideas aplicables a sus proyectos en curso.<\/p>\n<p>&nbsp;<\/p>\n<h2><strong>\u00daltimas plazas disponibles para AGI Open House 26<\/strong><\/h2>\n<p>La participaci\u00f3n en <strong>AGI Open House 26<\/strong> es gratuita, pero el n\u00famero de plazas es limitado y est\u00e1 a punto de completarse. Si todav\u00eda no has confirmado tu asistencia al <strong>AGI Open House 26<\/strong>este es el momento de hacerlo antes de que se cierren las inscripciones.<\/p>\n<p><strong>\u00a1La inscripci\u00f3n es gratuita, pero las plazas son limitadas!<\/strong><\/p>\n<p style=\"margin: 30px 0px; text-align: left;\"><a style=\"display: inline-block; width: 55%; background: #ffffff; color: #024d97; padding: 8px 20px; text-decoration: none; border-radius: 4px; font-size: 18px; font-weight: bold; text-align: center; letter-spacing: 0.5px;\" href=\"https:\/\/agi.pt\/es\/evento\/agi-open-house-2026\/\" target=\"_blank\" rel=\"noopener noreferrer\">REG\u00cdSTRESE AHORA<br \/>\n<\/a><\/p>\n<h2><\/h2>\n<h2><strong>Preguntas frecuentes sobre el AGI Open House 26<\/strong><\/h2>\n<p><strong>P: \u00bfTodav\u00eda estoy a tiempo de inscribirme en el AGI Open House 26?<\/strong><\/p>\n<p>R: S\u00ed, pero las plazas para el AGI Open House 26 son limitadas y est\u00e1n a punto de agotarse. Cuanto antes se inscriba, mejor.<\/p>\n<p><strong>P: \u00bfLa participaci\u00f3n en el AGI Open House 26 es de pago?<\/strong><\/p>\n<p>R: No. La participaci\u00f3n en el AGI Open House 26 es gratuita.<\/p>\n<p><strong>P: \u00bfCu\u00e1ndo y d\u00f3nde se celebra el AGI Open House 26?<\/strong><\/p>\n<p>R: El 24 de septiembre de 2026, en la sede de AGI, en Vila Nova de Gaia.<\/p>\n<p>&nbsp;<\/p>\n<p><strong>Asegure ya su plaza en el AGI Open House 26.<\/strong><br \/><a href=\"mailto:geral@agi.pt\">Si tiene alguna pregunta, no dude en contactarnos en el (+34) 91 875 70 33 o a trav\u00e9s de info@agiespana.es.<\/a><\/p>\n","protected":false},"excerpt":{"rendered":"<p>Solo quedan unos d\u00edas, y algunas plazas disponibles, para participar en el AGI Open House 26, uno de los eventos m\u00e1s esperados del sector de la construcci\u00f3n en Portugal. El AGI Open House 26 se acerca r\u00e1pidamente y las inscripciones est\u00e1n a punto de cerrarse. El pr\u00f3ximo 24 de septiembre, la sede de AGI, en [&hellip;]<\/p>\n","protected":false},"author":3,"featured_media":8414,"comment_status":"closed","ping_status":"closed","sticky":false,"template":"","format":"standard","meta":{"_acf_changed":false,"footnotes":""},"categories":[59],"tags":[],"area":[42],"class_list":["post-8415","post","type-post","status-publish","format-standard","has-post-thumbnail","hentry","category-agishow","area-construccion"],"acf":[],"_links":{"self":[{"href":"https:\/\/agi.pt\/es\/wp-json\/wp\/v2\/posts\/8415","targetHints":{"allow":["GET"]}}],"collection":[{"href":"https:\/\/agi.pt\/es\/wp-json\/wp\/v2\/posts"}],"about":[{"href":"https:\/\/agi.pt\/es\/wp-json\/wp\/v2\/types\/post"}],"author":[{"embeddable":true,"href":"https:\/\/agi.pt\/es\/wp-json\/wp\/v2\/users\/3"}],"replies":[{"embeddable":true,"href":"https:\/\/agi.pt\/es\/wp-json\/wp\/v2\/comments?post=8415"}],"version-history":[{"count":0,"href":"https:\/\/agi.pt\/es\/wp-json\/wp\/v2\/posts\/8415\/revisions"}],"wp:featuredmedia":[{"embeddable":true,"href":"https:\/\/agi.pt\/es\/wp-json\/wp\/v2\/media\/8414"}],"wp:attachment":[{"href":"https:\/\/agi.pt\/es\/wp-json\/wp\/v2\/media?parent=8415"}],"wp:term":[{"taxonomy":"category","embeddable":true,"href":"https:\/\/agi.pt\/es\/wp-json\/wp\/v2\/categories?post=8415"},{"taxonomy":"post_tag","embeddable":true,"href":"https:\/\/agi.pt\/es\/wp-json\/wp\/v2\/tags?post=8415"},{"taxonomy":"area","embeddable":true,"href":"https:\/\/agi.pt\/es\/wp-json\/wp\/v2\/area?post=8415"}],"curies":[{"name":"wp","href":"https:\/\/api.w.org\/{rel}","templated":true}]}}